{"id":1028,"date":"2019-10-28T00:00:00","date_gmt":"2019-10-27T23:00:00","guid":{"rendered":"https:\/\/www.monlau.com\/eso-batxillerat\/la-escuela-laia-se-convierte-en-el-nuevo-centro-adscrito-a-monlau\/"},"modified":"2019-10-28T00:00:00","modified_gmt":"2019-10-27T23:00:00","slug":"la-escuela-laia-se-convierte-en-el-nuevo-centro-adscrito-a-monlau","status":"publish","type":"post","link":"https:\/\/www.monlau.com\/eso-batxillerat\/es\/2019\/10\/28\/la-escuela-laia-se-convierte-en-el-nuevo-centro-adscrito-a-monlau\/","title":{"rendered":"La Escola Laia de Sant Andreu se convierte en el nuevo centro adscrito a Monlau para la secundaria"},"content":{"rendered":"<p>Este a\u00f1o pasamos a ser el centro adscrito de la <a href=\"http:\/\/www.escolalaia.com\/\">Escola Laia<\/a>, la escuela de educaci\u00f3n Infantil y Primaria ubicada en el barrio de Sant Andreu. Este <strong>nuevo acuerdo de colaboraci\u00f3n<\/strong> con la escuela incluye no s\u00f3lo una adscripci\u00f3n que permitir\u00e1 que los alumnos que finalizan all\u00ed la Primaria puedan entrar de forma directa en <a href=\"https:\/\/www.monlau.com\/eso-batxillerat\/eso\/?lang=es\">1\u00ba de ESO en Monlau<\/a>, sino tambi\u00e9n el poder <strong>compartir actividades y experiencias para poder aprovechar sinergias entre las dos escuelas.<\/strong><\/p>\n<p><strong>Jaume Tamareu<\/strong>, el director de la Escuela Laia, visit\u00f3 nuestro centro para conocer en profundidad nuestro modelo educativo. Adem\u00e1s, junto con el Director General de Monlau, <strong>Iban Ventura<\/strong>, hicieron oficial este acuerdo con la <strong>firma del documento que lo acredita.<\/strong><\/p>\n<p>A partir de este curso, la Escola Laia de Sant Andreu junto con la\u00a0<a href=\"http:\/\/www.escolaverns.cat\/\">Escola Verns<\/a> de Sant Mart\u00ed ser\u00e1n <strong>las dos escuelas adscritas a Monlau para la secundaria.<\/strong> Seguro que esta nueva colaboraci\u00f3n entre las dos escuelas ser\u00e1 muy provechosa.<\/p>\n","protected":false},"excerpt":{"rendered":"<p>Este a\u00f1o pasamos a ser el centro adscrito de la Escola Laia, la escuela de educaci\u00f3n Infantil y Primaria ubicada en el barrio de Sant Andreu. Este nuevo acuerdo de colaboraci\u00f3n con la escuela incluye no s\u00f3lo una adscripci\u00f3n que permitir\u00e1 que los alumnos que finalizan all\u00ed la Primaria puedan entrar de forma directa en [&hellip;]<\/p>\n","protected":false},"author":1,"featured_media":1029,"comment_status":"closed","ping_status":"closed","sticky":false,"template":"","format":"standard","meta":{"footnotes":""},"categories":[20],"tags":[58,59,60,61,62],"class_list":["post-1028","post","type-post","status-publish","format-standard","has-post-thumbnail","hentry","category-eso","tag-centro-adscrito","tag-colaboracion","tag-educacion","tag-eso","tag-secundaria"],"yoast_head":"<!-- This site is optimized with the Yoast SEO plugin v27.2 - https:\/\/yoast.com\/product\/yoast-seo-wordpress\/ -->\n<title>La Escola Laia de Sant Andreu se convierte en el nuevo centro adscrito a Monlau para la secundaria - Eso Batx<\/title>\n<meta name=\"robots\" content=\"index, follow, max-snippet:-1, max-image-preview:large, max-video-preview:-1\" \/>\n<link rel=\"canonical\" href=\"https:\/\/www.monlau.com\/eso-batxillerat\/es\/2019\/10\/28\/la-escuela-laia-se-convierte-en-el-nuevo-centro-adscrito-a-monlau\/\" \/>\n<meta property=\"og:locale\" content=\"es_ES\" \/>\n<meta property=\"og:type\" content=\"article\" \/>\n<meta property=\"og:title\" content=\"La Escola Laia de Sant Andreu se convierte en el nuevo centro adscrito a Monlau para la secundaria - Eso Batx\" \/>\n<meta property=\"og:description\" content=\"Este a\u00f1o pasamos a ser el centro adscrito de la Escola Laia, la escuela de educaci\u00f3n Infantil y Primaria ubicada en el barrio de Sant Andreu. Este nuevo acuerdo de colaboraci\u00f3n con la escuela incluye no s\u00f3lo una adscripci\u00f3n que permitir\u00e1 que los alumnos que finalizan all\u00ed la Primaria puedan entrar de forma directa en [&hellip;]\" \/>\n<meta property=\"og:url\" content=\"https:\/\/www.monlau.com\/eso-batxillerat\/es\/2019\/10\/28\/la-escuela-laia-se-convierte-en-el-nuevo-centro-adscrito-a-monlau\/\" \/>\n<meta property=\"og:site_name\" content=\"Eso Batx\" \/>\n<meta property=\"article:published_time\" content=\"2019-10-27T23:00:00+00:00\" \/>\n<meta property=\"og:image\" content=\"https:\/\/www.monlau.com\/app\/uploads\/sites\/2\/2026\/03\/laia.jpg\" \/>\n\t<meta property=\"og:image:width\" content=\"771\" \/>\n\t<meta property=\"og:image:height\" content=\"579\" \/>\n\t<meta property=\"og:image:type\" content=\"image\/jpeg\" \/>\n<meta name=\"author\" content=\"adsmurai\" \/>\n<meta name=\"twitter:card\" content=\"summary_large_image\" \/>\n<meta name=\"twitter:label1\" content=\"Escrito por\" \/>\n\t<meta name=\"twitter:data1\" content=\"adsmurai\" \/>\n\t<meta name=\"twitter:label2\" content=\"Tiempo de lectura\" \/>\n\t<meta name=\"twitter:data2\" content=\"1 minuto\" \/>\n<script type=\"application\/ld+json\" class=\"yoast-schema-graph\">{\"@context\":\"https:\/\/schema.org\",\"@graph\":[{\"@type\":\"Article\",\"@id\":\"https:\/\/www.monlau.com\/eso-batxillerat\/es\/2019\/10\/28\/la-escuela-laia-se-convierte-en-el-nuevo-centro-adscrito-a-monlau\/#article\",\"isPartOf\":{\"@id\":\"https:\/\/www.monlau.com\/eso-batxillerat\/es\/2019\/10\/28\/la-escuela-laia-se-convierte-en-el-nuevo-centro-adscrito-a-monlau\/\"},\"author\":{\"name\":\"adsmurai\",\"@id\":\"https:\/\/www.monlau.com\/eso-batxillerat\/es\/#\/schema\/person\/419cfdf054323e24e0a2ef1d8597f051\"},\"headline\":\"La Escola Laia de Sant Andreu se convierte en el nuevo centro adscrito a Monlau para la secundaria\",\"datePublished\":\"2019-10-27T23:00:00+00:00\",\"mainEntityOfPage\":{\"@id\":\"https:\/\/www.monlau.com\/eso-batxillerat\/es\/2019\/10\/28\/la-escuela-laia-se-convierte-en-el-nuevo-centro-adscrito-a-monlau\/\"},\"wordCount\":183,\"publisher\":{\"@id\":\"https:\/\/www.monlau.com\/eso-batxillerat\/es\/#organization\"},\"image\":{\"@id\":\"https:\/\/www.monlau.com\/eso-batxillerat\/es\/2019\/10\/28\/la-escuela-laia-se-convierte-en-el-nuevo-centro-adscrito-a-monlau\/#primaryimage\"},\"thumbnailUrl\":\"https:\/\/www.monlau.com\/app\/uploads\/sites\/2\/2026\/03\/laia.jpg\",\"keywords\":[\"centro adscrito\",\"colaboraci\u00f3n\",\"educaci\u00f3n\",\"ESO\",\"secundaria\"],\"articleSection\":[\"ESO\"],\"inLanguage\":\"es\"},{\"@type\":\"WebPage\",\"@id\":\"https:\/\/www.monlau.com\/eso-batxillerat\/es\/2019\/10\/28\/la-escuela-laia-se-convierte-en-el-nuevo-centro-adscrito-a-monlau\/\",\"url\":\"https:\/\/www.monlau.com\/eso-batxillerat\/es\/2019\/10\/28\/la-escuela-laia-se-convierte-en-el-nuevo-centro-adscrito-a-monlau\/\",\"name\":\"La Escola Laia de Sant Andreu se convierte en el nuevo centro adscrito a Monlau para la secundaria - Eso Batx\",\"isPartOf\":{\"@id\":\"https:\/\/www.monlau.com\/eso-batxillerat\/es\/#website\"},\"primaryImageOfPage\":{\"@id\":\"https:\/\/www.monlau.com\/eso-batxillerat\/es\/2019\/10\/28\/la-escuela-laia-se-convierte-en-el-nuevo-centro-adscrito-a-monlau\/#primaryimage\"},\"image\":{\"@id\":\"https:\/\/www.monlau.com\/eso-batxillerat\/es\/2019\/10\/28\/la-escuela-laia-se-convierte-en-el-nuevo-centro-adscrito-a-monlau\/#primaryimage\"},\"thumbnailUrl\":\"https:\/\/www.monlau.com\/app\/uploads\/sites\/2\/2026\/03\/laia.jpg\",\"datePublished\":\"2019-10-27T23:00:00+00:00\",\"breadcrumb\":{\"@id\":\"https:\/\/www.monlau.com\/eso-batxillerat\/es\/2019\/10\/28\/la-escuela-laia-se-convierte-en-el-nuevo-centro-adscrito-a-monlau\/#breadcrumb\"},\"inLanguage\":\"es\",\"potentialAction\":[{\"@type\":\"ReadAction\",\"target\":[\"https:\/\/www.monlau.com\/eso-batxillerat\/es\/2019\/10\/28\/la-escuela-laia-se-convierte-en-el-nuevo-centro-adscrito-a-monlau\/\"]}]},{\"@type\":\"ImageObject\",\"inLanguage\":\"es\",\"@id\":\"https:\/\/www.monlau.com\/eso-batxillerat\/es\/2019\/10\/28\/la-escuela-laia-se-convierte-en-el-nuevo-centro-adscrito-a-monlau\/#primaryimage\",\"url\":\"https:\/\/www.monlau.com\/app\/uploads\/sites\/2\/2026\/03\/laia.jpg\",\"contentUrl\":\"https:\/\/www.monlau.com\/app\/uploads\/sites\/2\/2026\/03\/laia.jpg\",\"width\":771,\"height\":579},{\"@type\":\"BreadcrumbList\",\"@id\":\"https:\/\/www.monlau.com\/eso-batxillerat\/es\/2019\/10\/28\/la-escuela-laia-se-convierte-en-el-nuevo-centro-adscrito-a-monlau\/#breadcrumb\",\"itemListElement\":[{\"@type\":\"ListItem\",\"position\":1,\"name\":\"Inici\",\"item\":\"https:\/\/www.monlau.com\/eso-batxillerat\/es\/\"},{\"@type\":\"ListItem\",\"position\":2,\"name\":\"La Escola Laia de Sant Andreu se convierte en el nuevo centro adscrito a Monlau para la secundaria\"}]},{\"@type\":\"WebSite\",\"@id\":\"https:\/\/www.monlau.com\/eso-batxillerat\/es\/#website\",\"url\":\"https:\/\/www.monlau.com\/eso-batxillerat\/es\/\",\"name\":\"Eso Batx\",\"description\":\"\",\"publisher\":{\"@id\":\"https:\/\/www.monlau.com\/eso-batxillerat\/es\/#organization\"},\"potentialAction\":[{\"@type\":\"SearchAction\",\"target\":{\"@type\":\"EntryPoint\",\"urlTemplate\":\"https:\/\/www.monlau.com\/eso-batxillerat\/es\/?s={search_term_string}\"},\"query-input\":{\"@type\":\"PropertyValueSpecification\",\"valueRequired\":true,\"valueName\":\"search_term_string\"}}],\"inLanguage\":\"es\"},{\"@type\":\"Organization\",\"@id\":\"https:\/\/www.monlau.com\/eso-batxillerat\/es\/#organization\",\"name\":\"Eso Batx\",\"url\":\"https:\/\/www.monlau.com\/eso-batxillerat\/es\/\",\"logo\":{\"@type\":\"ImageObject\",\"inLanguage\":\"es\",\"@id\":\"https:\/\/www.monlau.com\/eso-batxillerat\/es\/#\/schema\/logo\/image\/\",\"url\":\"https:\/\/www.monlau.com\/app\/uploads\/sites\/2\/2025\/12\/logomoneso.png\",\"contentUrl\":\"https:\/\/www.monlau.com\/app\/uploads\/sites\/2\/2025\/12\/logomoneso.png\",\"width\":160,\"height\":160,\"caption\":\"Eso Batx\"},\"image\":{\"@id\":\"https:\/\/www.monlau.com\/eso-batxillerat\/es\/#\/schema\/logo\/image\/\"}},{\"@type\":\"Person\",\"@id\":\"https:\/\/www.monlau.com\/eso-batxillerat\/es\/#\/schema\/person\/419cfdf054323e24e0a2ef1d8597f051\",\"name\":\"adsmurai\",\"image\":{\"@type\":\"ImageObject\",\"inLanguage\":\"es\",\"@id\":\"https:\/\/secure.gravatar.com\/avatar\/0748788578f91786454454fa3b4c295644edb991ad6caadc70b41d26790d38fc?s=96&d=mm&r=g\",\"url\":\"https:\/\/secure.gravatar.com\/avatar\/0748788578f91786454454fa3b4c295644edb991ad6caadc70b41d26790d38fc?s=96&d=mm&r=g\",\"contentUrl\":\"https:\/\/secure.gravatar.com\/avatar\/0748788578f91786454454fa3b4c295644edb991ad6caadc70b41d26790d38fc?s=96&d=mm&r=g\",\"caption\":\"adsmurai\"},\"sameAs\":[\"https:\/\/www.monlau.com\"],\"url\":\"https:\/\/www.monlau.com\/eso-batxillerat\/es\/author\/adsmurai\/\"}]}<\/script>\n<!-- \/ Yoast SEO plugin. -->","yoast_head_json":{"title":"La Escola Laia de Sant Andreu se convierte en el nuevo centro adscrito a Monlau para la secundaria - Eso Batx","robots":{"index":"index","follow":"follow","max-snippet":"max-snippet:-1","max-image-preview":"max-image-preview:large","max-video-preview":"max-video-preview:-1"},"canonical":"https:\/\/www.monlau.com\/eso-batxillerat\/es\/2019\/10\/28\/la-escuela-laia-se-convierte-en-el-nuevo-centro-adscrito-a-monlau\/","og_locale":"es_ES","og_type":"article","og_title":"La Escola Laia de Sant Andreu se convierte en el nuevo centro adscrito a Monlau para la secundaria - Eso Batx","og_description":"Este a\u00f1o pasamos a ser el centro adscrito de la Escola Laia, la escuela de educaci\u00f3n Infantil y Primaria ubicada en el barrio de Sant Andreu. Este nuevo acuerdo de colaboraci\u00f3n con la escuela incluye no s\u00f3lo una adscripci\u00f3n que permitir\u00e1 que los alumnos que finalizan all\u00ed la Primaria puedan entrar de forma directa en [&hellip;]","og_url":"https:\/\/www.monlau.com\/eso-batxillerat\/es\/2019\/10\/28\/la-escuela-laia-se-convierte-en-el-nuevo-centro-adscrito-a-monlau\/","og_site_name":"Eso Batx","article_published_time":"2019-10-27T23:00:00+00:00","og_image":[{"width":771,"height":579,"url":"https:\/\/www.monlau.com\/app\/uploads\/sites\/2\/2026\/03\/laia.jpg","type":"image\/jpeg"}],"author":"adsmurai","twitter_card":"summary_large_image","twitter_misc":{"Escrito por":"adsmurai","Tiempo de lectura":"1 minuto"},"schema":{"@context":"https:\/\/schema.org","@graph":[{"@type":"Article","@id":"https:\/\/www.monlau.com\/eso-batxillerat\/es\/2019\/10\/28\/la-escuela-laia-se-convierte-en-el-nuevo-centro-adscrito-a-monlau\/#article","isPartOf":{"@id":"https:\/\/www.monlau.com\/eso-batxillerat\/es\/2019\/10\/28\/la-escuela-laia-se-convierte-en-el-nuevo-centro-adscrito-a-monlau\/"},"author":{"name":"adsmurai","@id":"https:\/\/www.monlau.com\/eso-batxillerat\/es\/#\/schema\/person\/419cfdf054323e24e0a2ef1d8597f051"},"headline":"La Escola Laia de Sant Andreu se convierte en el nuevo centro adscrito a Monlau para la secundaria","datePublished":"2019-10-27T23:00:00+00:00","mainEntityOfPage":{"@id":"https:\/\/www.monlau.com\/eso-batxillerat\/es\/2019\/10\/28\/la-escuela-laia-se-convierte-en-el-nuevo-centro-adscrito-a-monlau\/"},"wordCount":183,"publisher":{"@id":"https:\/\/www.monlau.com\/eso-batxillerat\/es\/#organization"},"image":{"@id":"https:\/\/www.monlau.com\/eso-batxillerat\/es\/2019\/10\/28\/la-escuela-laia-se-convierte-en-el-nuevo-centro-adscrito-a-monlau\/#primaryimage"},"thumbnailUrl":"https:\/\/www.monlau.com\/app\/uploads\/sites\/2\/2026\/03\/laia.jpg","keywords":["centro adscrito","colaboraci\u00f3n","educaci\u00f3n","ESO","secundaria"],"articleSection":["ESO"],"inLanguage":"es"},{"@type":"WebPage","@id":"https:\/\/www.monlau.com\/eso-batxillerat\/es\/2019\/10\/28\/la-escuela-laia-se-convierte-en-el-nuevo-centro-adscrito-a-monlau\/","url":"https:\/\/www.monlau.com\/eso-batxillerat\/es\/2019\/10\/28\/la-escuela-laia-se-convierte-en-el-nuevo-centro-adscrito-a-monlau\/","name":"La Escola Laia de Sant Andreu se convierte en el nuevo centro adscrito a Monlau para la secundaria - Eso Batx","isPartOf":{"@id":"https:\/\/www.monlau.com\/eso-batxillerat\/es\/#website"},"primaryImageOfPage":{"@id":"https:\/\/www.monlau.com\/eso-batxillerat\/es\/2019\/10\/28\/la-escuela-laia-se-convierte-en-el-nuevo-centro-adscrito-a-monlau\/#primaryimage"},"image":{"@id":"https:\/\/www.monlau.com\/eso-batxillerat\/es\/2019\/10\/28\/la-escuela-laia-se-convierte-en-el-nuevo-centro-adscrito-a-monlau\/#primaryimage"},"thumbnailUrl":"https:\/\/www.monlau.com\/app\/uploads\/sites\/2\/2026\/03\/laia.jpg","datePublished":"2019-10-27T23:00:00+00:00","breadcrumb":{"@id":"https:\/\/www.monlau.com\/eso-batxillerat\/es\/2019\/10\/28\/la-escuela-laia-se-convierte-en-el-nuevo-centro-adscrito-a-monlau\/#breadcrumb"},"inLanguage":"es","potentialAction":[{"@type":"ReadAction","target":["https:\/\/www.monlau.com\/eso-batxillerat\/es\/2019\/10\/28\/la-escuela-laia-se-convierte-en-el-nuevo-centro-adscrito-a-monlau\/"]}]},{"@type":"ImageObject","inLanguage":"es","@id":"https:\/\/www.monlau.com\/eso-batxillerat\/es\/2019\/10\/28\/la-escuela-laia-se-convierte-en-el-nuevo-centro-adscrito-a-monlau\/#primaryimage","url":"https:\/\/www.monlau.com\/app\/uploads\/sites\/2\/2026\/03\/laia.jpg","contentUrl":"https:\/\/www.monlau.com\/app\/uploads\/sites\/2\/2026\/03\/laia.jpg","width":771,"height":579},{"@type":"BreadcrumbList","@id":"https:\/\/www.monlau.com\/eso-batxillerat\/es\/2019\/10\/28\/la-escuela-laia-se-convierte-en-el-nuevo-centro-adscrito-a-monlau\/#breadcrumb","itemListElement":[{"@type":"ListItem","position":1,"name":"Inici","item":"https:\/\/www.monlau.com\/eso-batxillerat\/es\/"},{"@type":"ListItem","position":2,"name":"La Escola Laia de Sant Andreu se convierte en el nuevo centro adscrito a Monlau para la secundaria"}]},{"@type":"WebSite","@id":"https:\/\/www.monlau.com\/eso-batxillerat\/es\/#website","url":"https:\/\/www.monlau.com\/eso-batxillerat\/es\/","name":"Eso Batx","description":"","publisher":{"@id":"https:\/\/www.monlau.com\/eso-batxillerat\/es\/#organization"},"potentialAction":[{"@type":"SearchAction","target":{"@type":"EntryPoint","urlTemplate":"https:\/\/www.monlau.com\/eso-batxillerat\/es\/?s={search_term_string}"},"query-input":{"@type":"PropertyValueSpecification","valueRequired":true,"valueName":"search_term_string"}}],"inLanguage":"es"},{"@type":"Organization","@id":"https:\/\/www.monlau.com\/eso-batxillerat\/es\/#organization","name":"Eso Batx","url":"https:\/\/www.monlau.com\/eso-batxillerat\/es\/","logo":{"@type":"ImageObject","inLanguage":"es","@id":"https:\/\/www.monlau.com\/eso-batxillerat\/es\/#\/schema\/logo\/image\/","url":"https:\/\/www.monlau.com\/app\/uploads\/sites\/2\/2025\/12\/logomoneso.png","contentUrl":"https:\/\/www.monlau.com\/app\/uploads\/sites\/2\/2025\/12\/logomoneso.png","width":160,"height":160,"caption":"Eso Batx"},"image":{"@id":"https:\/\/www.monlau.com\/eso-batxillerat\/es\/#\/schema\/logo\/image\/"}},{"@type":"Person","@id":"https:\/\/www.monlau.com\/eso-batxillerat\/es\/#\/schema\/person\/419cfdf054323e24e0a2ef1d8597f051","name":"adsmurai","image":{"@type":"ImageObject","inLanguage":"es","@id":"https:\/\/secure.gravatar.com\/avatar\/0748788578f91786454454fa3b4c295644edb991ad6caadc70b41d26790d38fc?s=96&d=mm&r=g","url":"https:\/\/secure.gravatar.com\/avatar\/0748788578f91786454454fa3b4c295644edb991ad6caadc70b41d26790d38fc?s=96&d=mm&r=g","contentUrl":"https:\/\/secure.gravatar.com\/avatar\/0748788578f91786454454fa3b4c295644edb991ad6caadc70b41d26790d38fc?s=96&d=mm&r=g","caption":"adsmurai"},"sameAs":["https:\/\/www.monlau.com"],"url":"https:\/\/www.monlau.com\/eso-batxillerat\/es\/author\/adsmurai\/"}]}},"_links":{"self":[{"href":"https:\/\/www.monlau.com\/eso-batxillerat\/es\/wp-json\/wp\/v2\/posts\/1028","targetHints":{"allow":["GET"]}}],"collection":[{"href":"https:\/\/www.monlau.com\/eso-batxillerat\/es\/wp-json\/wp\/v2\/posts"}],"about":[{"href":"https:\/\/www.monlau.com\/eso-batxillerat\/es\/wp-json\/wp\/v2\/types\/post"}],"author":[{"embeddable":true,"href":"https:\/\/www.monlau.com\/eso-batxillerat\/es\/wp-json\/wp\/v2\/users\/1"}],"replies":[{"embeddable":true,"href":"https:\/\/www.monlau.com\/eso-batxillerat\/es\/wp-json\/wp\/v2\/comments?post=1028"}],"version-history":[{"count":0,"href":"https:\/\/www.monlau.com\/eso-batxillerat\/es\/wp-json\/wp\/v2\/posts\/1028\/revisions"}],"wp:featuredmedia":[{"embeddable":true,"href":"https:\/\/www.monlau.com\/eso-batxillerat\/es\/wp-json\/wp\/v2\/media\/1029"}],"wp:attachment":[{"href":"https:\/\/www.monlau.com\/eso-batxillerat\/es\/wp-json\/wp\/v2\/media?parent=1028"}],"wp:term":[{"taxonomy":"category","embeddable":true,"href":"https:\/\/www.monlau.com\/eso-batxillerat\/es\/wp-json\/wp\/v2\/categories?post=1028"},{"taxonomy":"post_tag","embeddable":true,"href":"https:\/\/www.monlau.com\/eso-batxillerat\/es\/wp-json\/wp\/v2\/tags?post=1028"}],"curies":[{"name":"wp","href":"https:\/\/api.w.org\/{rel}","templated":true}]}}