{"id":1005,"date":"2019-04-23T00:00:00","date_gmt":"2019-04-22T22:00:00","guid":{"rendered":"https:\/\/www.monlau.com\/eso-batxillerat\/sant-jordi-2019-solidaridad-somostuola\/"},"modified":"2026-03-10T10:53:37","modified_gmt":"2026-03-10T09:53:37","slug":"sant-jordi-2019-solidaridad-somostuola","status":"publish","type":"post","link":"https:\/\/www.monlau.com\/eso-batxillerat\/es\/2019\/04\/23\/sant-jordi-2019-solidaridad-somostuola\/","title":{"rendered":"Este a\u00f1o destinamos los beneficios de la venta de Sant Jordi en el proyecto \u00abPalante con Sarah\u00bb"},"content":{"rendered":"<p>Como cada a\u00f1o, los alumnos de 3\u00ba de la ESO organizan el d\u00eda de Sant Jordi que celebramos hoy 23 de abril. Este a\u00f1o, la novedad es que <strong>los beneficios recaudados por la venta de libros y de rosas ir\u00e1n destinados al proyecto <em>Palante con Sarah<\/em><\/strong> de la asociaci\u00f3n <a href=\"https:\/\/somostuola.es\/\">Somos Tu Ola<\/a>.<\/p>\n<p><strong>Sarah es una chica de M\u00e1laga de 19 a\u00f1os a la que le tuvieron que amputar las manos y los pies <\/strong>debido a una grave infecci\u00f3n bacteriana. Adem\u00e1s, por culpa de esta septicemia no le funcionan los ri\u00f1ones y debe hacer di\u00e1lisis.<\/p>\n<p>Desde Monlau, queremos aportar nuestro granito de arena y ayudarla. Por este motivo, el dinero que obtengamos este a\u00f1o <strong>con la celebraci\u00f3n de Sant Jordi ir\u00e1n destinados a la compra y el mantenimiento de las pr\u00f3tesis que necesita<\/strong> (en lugar de destinarse al viaje de fin de curso como se ha hecho cada a\u00f1o). Consideramos que Sarah nos necesita y es una forma de fomentar la solidaridad\u00a0entre nuestros alumnos\u00a0durante todo el a\u00f1o.<\/p>\n<p>Por ello, \u00a1<strong>te invitamos a celebrar Sant Jordi con nosotros!<\/strong>\u00a0Hoy los alumnos de 3\u00ba montan\u00a0una parada frente al centro donde vender\u00e1n rosas montadas y personalizadas por ellos, una gran variedad de libros y brazaletes de la asociaci\u00f3n \u00abSomos T\u00fa Ola\u00bb. El 100% de los beneficios ir\u00e1n a ayudar a Sarah. \u00a1Te esperamos!\u00a0<\/p>\n<h4>Mar\u00eda Mendiola<\/h4>\n<p>Coordinadora de Orientaci\u00f3n de ESO y Bachillerato<\/p>\n","protected":false},"excerpt":{"rendered":"<p>Como cada a\u00f1o, los alumnos de 3\u00ba de la ESO organizan el d\u00eda de Sant Jordi que celebramos hoy 23 de abril. Este a\u00f1o, la novedad es que los beneficios recaudados por la venta de libros y de rosas ir\u00e1n destinados al proyecto Palante con Sarah de la asociaci\u00f3n Somos Tu Ola. Sarah es una [&hellip;]<\/p>\n","protected":false},"author":1,"featured_media":1006,"comment_status":"closed","ping_status":"closed","sticky":false,"template":"","format":"standard","meta":{"footnotes":""},"categories":[24,20,27],"tags":[28,29,30,31,32,33],"class_list":["post-1005","post","type-post","status-publish","format-standard","has-post-thumbnail","hentry","category-bachillerato","category-eso","category-solidaritat","tag-libros","tag-palante-con-sarah","tag-rosas","tag-sant-jordi","tag-solidaridad","tag-somos-tu-ola"],"yoast_head":"<!-- This site is optimized with the Yoast SEO plugin v27.2 - https:\/\/yoast.com\/product\/yoast-seo-wordpress\/ -->\n<title>Este a\u00f1o destinamos los beneficios de la venta de Sant Jordi en el proyecto &quot;Palante con Sarah&quot; - Eso Batx<\/title>\n<meta name=\"robots\" content=\"index, follow, max-snippet:-1, max-image-preview:large, max-video-preview:-1\" \/>\n<link rel=\"canonical\" href=\"https:\/\/www.monlau.com\/eso-batxillerat\/es\/2019\/04\/23\/sant-jordi-2019-solidaridad-somostuola\/\" \/>\n<meta property=\"og:locale\" content=\"es_ES\" \/>\n<meta property=\"og:type\" content=\"article\" \/>\n<meta property=\"og:title\" content=\"Este a\u00f1o destinamos los beneficios de la venta de Sant Jordi en el proyecto &quot;Palante con Sarah&quot; - Eso Batx\" \/>\n<meta property=\"og:description\" content=\"Como cada a\u00f1o, los alumnos de 3\u00ba de la ESO organizan el d\u00eda de Sant Jordi que celebramos hoy 23 de abril. Este a\u00f1o, la novedad es que los beneficios recaudados por la venta de libros y de rosas ir\u00e1n destinados al proyecto Palante con Sarah de la asociaci\u00f3n Somos Tu Ola. Sarah es una [&hellip;]\" \/>\n<meta property=\"og:url\" content=\"https:\/\/www.monlau.com\/eso-batxillerat\/es\/2019\/04\/23\/sant-jordi-2019-solidaridad-somostuola\/\" \/>\n<meta property=\"og:site_name\" content=\"Eso Batx\" \/>\n<meta property=\"article:published_time\" content=\"2019-04-22T22:00:00+00:00\" \/>\n<meta property=\"article:modified_time\" content=\"2026-03-10T09:53:37+00:00\" \/>\n<meta property=\"og:image\" content=\"https:\/\/www.monlau.com\/app\/uploads\/sites\/2\/2026\/03\/Pulsera-4.jpg\" \/>\n\t<meta property=\"og:image:width\" content=\"1440\" \/>\n\t<meta property=\"og:image:height\" content=\"1080\" \/>\n\t<meta property=\"og:image:type\" content=\"image\/jpeg\" \/>\n<meta name=\"author\" content=\"adsmurai\" \/>\n<meta name=\"twitter:card\" content=\"summary_large_image\" \/>\n<meta name=\"twitter:label1\" content=\"Escrito por\" \/>\n\t<meta name=\"twitter:data1\" content=\"adsmurai\" \/>\n\t<meta name=\"twitter:label2\" content=\"Tiempo de lectura\" \/>\n\t<meta name=\"twitter:data2\" content=\"1 minuto\" \/>\n<script type=\"application\/ld+json\" class=\"yoast-schema-graph\">{\"@context\":\"https:\/\/schema.org\",\"@graph\":[{\"@type\":\"Article\",\"@id\":\"https:\/\/www.monlau.com\/eso-batxillerat\/es\/2019\/04\/23\/sant-jordi-2019-solidaridad-somostuola\/#article\",\"isPartOf\":{\"@id\":\"https:\/\/www.monlau.com\/eso-batxillerat\/es\/2019\/04\/23\/sant-jordi-2019-solidaridad-somostuola\/\"},\"author\":{\"name\":\"adsmurai\",\"@id\":\"https:\/\/www.monlau.com\/eso-batxillerat\/es\/#\/schema\/person\/419cfdf054323e24e0a2ef1d8597f051\"},\"headline\":\"Este a\u00f1o destinamos los beneficios de la venta de Sant Jordi en el proyecto \u00abPalante con Sarah\u00bb\",\"datePublished\":\"2019-04-22T22:00:00+00:00\",\"dateModified\":\"2026-03-10T09:53:37+00:00\",\"mainEntityOfPage\":{\"@id\":\"https:\/\/www.monlau.com\/eso-batxillerat\/es\/2019\/04\/23\/sant-jordi-2019-solidaridad-somostuola\/\"},\"wordCount\":266,\"publisher\":{\"@id\":\"https:\/\/www.monlau.com\/eso-batxillerat\/es\/#organization\"},\"image\":{\"@id\":\"https:\/\/www.monlau.com\/eso-batxillerat\/es\/2019\/04\/23\/sant-jordi-2019-solidaridad-somostuola\/#primaryimage\"},\"thumbnailUrl\":\"https:\/\/www.monlau.com\/app\/uploads\/sites\/2\/2026\/03\/Pulsera-4.jpg\",\"keywords\":[\"Libros\",\"Palante con Sarah\",\"Rosas\",\"Sant Jordi\",\"Solidaridad\",\"Somos Tu Ola\"],\"articleSection\":[\"Bachillerato\",\"ESO\",\"Solidaritat\"],\"inLanguage\":\"es\"},{\"@type\":\"WebPage\",\"@id\":\"https:\/\/www.monlau.com\/eso-batxillerat\/es\/2019\/04\/23\/sant-jordi-2019-solidaridad-somostuola\/\",\"url\":\"https:\/\/www.monlau.com\/eso-batxillerat\/es\/2019\/04\/23\/sant-jordi-2019-solidaridad-somostuola\/\",\"name\":\"Este a\u00f1o destinamos los beneficios de la venta de Sant Jordi en el proyecto \\\"Palante con Sarah\\\" - Eso Batx\",\"isPartOf\":{\"@id\":\"https:\/\/www.monlau.com\/eso-batxillerat\/es\/#website\"},\"primaryImageOfPage\":{\"@id\":\"https:\/\/www.monlau.com\/eso-batxillerat\/es\/2019\/04\/23\/sant-jordi-2019-solidaridad-somostuola\/#primaryimage\"},\"image\":{\"@id\":\"https:\/\/www.monlau.com\/eso-batxillerat\/es\/2019\/04\/23\/sant-jordi-2019-solidaridad-somostuola\/#primaryimage\"},\"thumbnailUrl\":\"https:\/\/www.monlau.com\/app\/uploads\/sites\/2\/2026\/03\/Pulsera-4.jpg\",\"datePublished\":\"2019-04-22T22:00:00+00:00\",\"dateModified\":\"2026-03-10T09:53:37+00:00\",\"breadcrumb\":{\"@id\":\"https:\/\/www.monlau.com\/eso-batxillerat\/es\/2019\/04\/23\/sant-jordi-2019-solidaridad-somostuola\/#breadcrumb\"},\"inLanguage\":\"es\",\"potentialAction\":[{\"@type\":\"ReadAction\",\"target\":[\"https:\/\/www.monlau.com\/eso-batxillerat\/es\/2019\/04\/23\/sant-jordi-2019-solidaridad-somostuola\/\"]}]},{\"@type\":\"ImageObject\",\"inLanguage\":\"es\",\"@id\":\"https:\/\/www.monlau.com\/eso-batxillerat\/es\/2019\/04\/23\/sant-jordi-2019-solidaridad-somostuola\/#primaryimage\",\"url\":\"https:\/\/www.monlau.com\/app\/uploads\/sites\/2\/2026\/03\/Pulsera-4.jpg\",\"contentUrl\":\"https:\/\/www.monlau.com\/app\/uploads\/sites\/2\/2026\/03\/Pulsera-4.jpg\",\"width\":1440,\"height\":1080},{\"@type\":\"BreadcrumbList\",\"@id\":\"https:\/\/www.monlau.com\/eso-batxillerat\/es\/2019\/04\/23\/sant-jordi-2019-solidaridad-somostuola\/#breadcrumb\",\"itemListElement\":[{\"@type\":\"ListItem\",\"position\":1,\"name\":\"Inici\",\"item\":\"https:\/\/www.monlau.com\/eso-batxillerat\/es\/\"},{\"@type\":\"ListItem\",\"position\":2,\"name\":\"Este a\u00f1o destinamos los beneficios de la venta de Sant Jordi en el proyecto \u00abPalante con Sarah\u00bb\"}]},{\"@type\":\"WebSite\",\"@id\":\"https:\/\/www.monlau.com\/eso-batxillerat\/es\/#website\",\"url\":\"https:\/\/www.monlau.com\/eso-batxillerat\/es\/\",\"name\":\"Eso Batx\",\"description\":\"\",\"publisher\":{\"@id\":\"https:\/\/www.monlau.com\/eso-batxillerat\/es\/#organization\"},\"potentialAction\":[{\"@type\":\"SearchAction\",\"target\":{\"@type\":\"EntryPoint\",\"urlTemplate\":\"https:\/\/www.monlau.com\/eso-batxillerat\/es\/?s={search_term_string}\"},\"query-input\":{\"@type\":\"PropertyValueSpecification\",\"valueRequired\":true,\"valueName\":\"search_term_string\"}}],\"inLanguage\":\"es\"},{\"@type\":\"Organization\",\"@id\":\"https:\/\/www.monlau.com\/eso-batxillerat\/es\/#organization\",\"name\":\"Eso Batx\",\"url\":\"https:\/\/www.monlau.com\/eso-batxillerat\/es\/\",\"logo\":{\"@type\":\"ImageObject\",\"inLanguage\":\"es\",\"@id\":\"https:\/\/www.monlau.com\/eso-batxillerat\/es\/#\/schema\/logo\/image\/\",\"url\":\"https:\/\/www.monlau.com\/app\/uploads\/sites\/2\/2025\/12\/logomoneso.png\",\"contentUrl\":\"https:\/\/www.monlau.com\/app\/uploads\/sites\/2\/2025\/12\/logomoneso.png\",\"width\":160,\"height\":160,\"caption\":\"Eso Batx\"},\"image\":{\"@id\":\"https:\/\/www.monlau.com\/eso-batxillerat\/es\/#\/schema\/logo\/image\/\"}},{\"@type\":\"Person\",\"@id\":\"https:\/\/www.monlau.com\/eso-batxillerat\/es\/#\/schema\/person\/419cfdf054323e24e0a2ef1d8597f051\",\"name\":\"adsmurai\",\"image\":{\"@type\":\"ImageObject\",\"inLanguage\":\"es\",\"@id\":\"https:\/\/secure.gravatar.com\/avatar\/0748788578f91786454454fa3b4c295644edb991ad6caadc70b41d26790d38fc?s=96&d=mm&r=g\",\"url\":\"https:\/\/secure.gravatar.com\/avatar\/0748788578f91786454454fa3b4c295644edb991ad6caadc70b41d26790d38fc?s=96&d=mm&r=g\",\"contentUrl\":\"https:\/\/secure.gravatar.com\/avatar\/0748788578f91786454454fa3b4c295644edb991ad6caadc70b41d26790d38fc?s=96&d=mm&r=g\",\"caption\":\"adsmurai\"},\"sameAs\":[\"https:\/\/www.monlau.com\"],\"url\":\"https:\/\/www.monlau.com\/eso-batxillerat\/es\/author\/adsmurai\/\"}]}<\/script>\n<!-- \/ Yoast SEO plugin. -->","yoast_head_json":{"title":"Este a\u00f1o destinamos los beneficios de la venta de Sant Jordi en el proyecto \"Palante con Sarah\" - Eso Batx","robots":{"index":"index","follow":"follow","max-snippet":"max-snippet:-1","max-image-preview":"max-image-preview:large","max-video-preview":"max-video-preview:-1"},"canonical":"https:\/\/www.monlau.com\/eso-batxillerat\/es\/2019\/04\/23\/sant-jordi-2019-solidaridad-somostuola\/","og_locale":"es_ES","og_type":"article","og_title":"Este a\u00f1o destinamos los beneficios de la venta de Sant Jordi en el proyecto \"Palante con Sarah\" - Eso Batx","og_description":"Como cada a\u00f1o, los alumnos de 3\u00ba de la ESO organizan el d\u00eda de Sant Jordi que celebramos hoy 23 de abril. Este a\u00f1o, la novedad es que los beneficios recaudados por la venta de libros y de rosas ir\u00e1n destinados al proyecto Palante con Sarah de la asociaci\u00f3n Somos Tu Ola. Sarah es una [&hellip;]","og_url":"https:\/\/www.monlau.com\/eso-batxillerat\/es\/2019\/04\/23\/sant-jordi-2019-solidaridad-somostuola\/","og_site_name":"Eso Batx","article_published_time":"2019-04-22T22:00:00+00:00","article_modified_time":"2026-03-10T09:53:37+00:00","og_image":[{"width":1440,"height":1080,"url":"https:\/\/www.monlau.com\/app\/uploads\/sites\/2\/2026\/03\/Pulsera-4.jpg","type":"image\/jpeg"}],"author":"adsmurai","twitter_card":"summary_large_image","twitter_misc":{"Escrito por":"adsmurai","Tiempo de lectura":"1 minuto"},"schema":{"@context":"https:\/\/schema.org","@graph":[{"@type":"Article","@id":"https:\/\/www.monlau.com\/eso-batxillerat\/es\/2019\/04\/23\/sant-jordi-2019-solidaridad-somostuola\/#article","isPartOf":{"@id":"https:\/\/www.monlau.com\/eso-batxillerat\/es\/2019\/04\/23\/sant-jordi-2019-solidaridad-somostuola\/"},"author":{"name":"adsmurai","@id":"https:\/\/www.monlau.com\/eso-batxillerat\/es\/#\/schema\/person\/419cfdf054323e24e0a2ef1d8597f051"},"headline":"Este a\u00f1o destinamos los beneficios de la venta de Sant Jordi en el proyecto \u00abPalante con Sarah\u00bb","datePublished":"2019-04-22T22:00:00+00:00","dateModified":"2026-03-10T09:53:37+00:00","mainEntityOfPage":{"@id":"https:\/\/www.monlau.com\/eso-batxillerat\/es\/2019\/04\/23\/sant-jordi-2019-solidaridad-somostuola\/"},"wordCount":266,"publisher":{"@id":"https:\/\/www.monlau.com\/eso-batxillerat\/es\/#organization"},"image":{"@id":"https:\/\/www.monlau.com\/eso-batxillerat\/es\/2019\/04\/23\/sant-jordi-2019-solidaridad-somostuola\/#primaryimage"},"thumbnailUrl":"https:\/\/www.monlau.com\/app\/uploads\/sites\/2\/2026\/03\/Pulsera-4.jpg","keywords":["Libros","Palante con Sarah","Rosas","Sant Jordi","Solidaridad","Somos Tu Ola"],"articleSection":["Bachillerato","ESO","Solidaritat"],"inLanguage":"es"},{"@type":"WebPage","@id":"https:\/\/www.monlau.com\/eso-batxillerat\/es\/2019\/04\/23\/sant-jordi-2019-solidaridad-somostuola\/","url":"https:\/\/www.monlau.com\/eso-batxillerat\/es\/2019\/04\/23\/sant-jordi-2019-solidaridad-somostuola\/","name":"Este a\u00f1o destinamos los beneficios de la venta de Sant Jordi en el proyecto \"Palante con Sarah\" - Eso Batx","isPartOf":{"@id":"https:\/\/www.monlau.com\/eso-batxillerat\/es\/#website"},"primaryImageOfPage":{"@id":"https:\/\/www.monlau.com\/eso-batxillerat\/es\/2019\/04\/23\/sant-jordi-2019-solidaridad-somostuola\/#primaryimage"},"image":{"@id":"https:\/\/www.monlau.com\/eso-batxillerat\/es\/2019\/04\/23\/sant-jordi-2019-solidaridad-somostuola\/#primaryimage"},"thumbnailUrl":"https:\/\/www.monlau.com\/app\/uploads\/sites\/2\/2026\/03\/Pulsera-4.jpg","datePublished":"2019-04-22T22:00:00+00:00","dateModified":"2026-03-10T09:53:37+00:00","breadcrumb":{"@id":"https:\/\/www.monlau.com\/eso-batxillerat\/es\/2019\/04\/23\/sant-jordi-2019-solidaridad-somostuola\/#breadcrumb"},"inLanguage":"es","potentialAction":[{"@type":"ReadAction","target":["https:\/\/www.monlau.com\/eso-batxillerat\/es\/2019\/04\/23\/sant-jordi-2019-solidaridad-somostuola\/"]}]},{"@type":"ImageObject","inLanguage":"es","@id":"https:\/\/www.monlau.com\/eso-batxillerat\/es\/2019\/04\/23\/sant-jordi-2019-solidaridad-somostuola\/#primaryimage","url":"https:\/\/www.monlau.com\/app\/uploads\/sites\/2\/2026\/03\/Pulsera-4.jpg","contentUrl":"https:\/\/www.monlau.com\/app\/uploads\/sites\/2\/2026\/03\/Pulsera-4.jpg","width":1440,"height":1080},{"@type":"BreadcrumbList","@id":"https:\/\/www.monlau.com\/eso-batxillerat\/es\/2019\/04\/23\/sant-jordi-2019-solidaridad-somostuola\/#breadcrumb","itemListElement":[{"@type":"ListItem","position":1,"name":"Inici","item":"https:\/\/www.monlau.com\/eso-batxillerat\/es\/"},{"@type":"ListItem","position":2,"name":"Este a\u00f1o destinamos los beneficios de la venta de Sant Jordi en el proyecto \u00abPalante con Sarah\u00bb"}]},{"@type":"WebSite","@id":"https:\/\/www.monlau.com\/eso-batxillerat\/es\/#website","url":"https:\/\/www.monlau.com\/eso-batxillerat\/es\/","name":"Eso Batx","description":"","publisher":{"@id":"https:\/\/www.monlau.com\/eso-batxillerat\/es\/#organization"},"potentialAction":[{"@type":"SearchAction","target":{"@type":"EntryPoint","urlTemplate":"https:\/\/www.monlau.com\/eso-batxillerat\/es\/?s={search_term_string}"},"query-input":{"@type":"PropertyValueSpecification","valueRequired":true,"valueName":"search_term_string"}}],"inLanguage":"es"},{"@type":"Organization","@id":"https:\/\/www.monlau.com\/eso-batxillerat\/es\/#organization","name":"Eso Batx","url":"https:\/\/www.monlau.com\/eso-batxillerat\/es\/","logo":{"@type":"ImageObject","inLanguage":"es","@id":"https:\/\/www.monlau.com\/eso-batxillerat\/es\/#\/schema\/logo\/image\/","url":"https:\/\/www.monlau.com\/app\/uploads\/sites\/2\/2025\/12\/logomoneso.png","contentUrl":"https:\/\/www.monlau.com\/app\/uploads\/sites\/2\/2025\/12\/logomoneso.png","width":160,"height":160,"caption":"Eso Batx"},"image":{"@id":"https:\/\/www.monlau.com\/eso-batxillerat\/es\/#\/schema\/logo\/image\/"}},{"@type":"Person","@id":"https:\/\/www.monlau.com\/eso-batxillerat\/es\/#\/schema\/person\/419cfdf054323e24e0a2ef1d8597f051","name":"adsmurai","image":{"@type":"ImageObject","inLanguage":"es","@id":"https:\/\/secure.gravatar.com\/avatar\/0748788578f91786454454fa3b4c295644edb991ad6caadc70b41d26790d38fc?s=96&d=mm&r=g","url":"https:\/\/secure.gravatar.com\/avatar\/0748788578f91786454454fa3b4c295644edb991ad6caadc70b41d26790d38fc?s=96&d=mm&r=g","contentUrl":"https:\/\/secure.gravatar.com\/avatar\/0748788578f91786454454fa3b4c295644edb991ad6caadc70b41d26790d38fc?s=96&d=mm&r=g","caption":"adsmurai"},"sameAs":["https:\/\/www.monlau.com"],"url":"https:\/\/www.monlau.com\/eso-batxillerat\/es\/author\/adsmurai\/"}]}},"_links":{"self":[{"href":"https:\/\/www.monlau.com\/eso-batxillerat\/es\/wp-json\/wp\/v2\/posts\/1005","targetHints":{"allow":["GET"]}}],"collection":[{"href":"https:\/\/www.monlau.com\/eso-batxillerat\/es\/wp-json\/wp\/v2\/posts"}],"about":[{"href":"https:\/\/www.monlau.com\/eso-batxillerat\/es\/wp-json\/wp\/v2\/types\/post"}],"author":[{"embeddable":true,"href":"https:\/\/www.monlau.com\/eso-batxillerat\/es\/wp-json\/wp\/v2\/users\/1"}],"replies":[{"embeddable":true,"href":"https:\/\/www.monlau.com\/eso-batxillerat\/es\/wp-json\/wp\/v2\/comments?post=1005"}],"version-history":[{"count":1,"href":"https:\/\/www.monlau.com\/eso-batxillerat\/es\/wp-json\/wp\/v2\/posts\/1005\/revisions"}],"predecessor-version":[{"id":1575,"href":"https:\/\/www.monlau.com\/eso-batxillerat\/es\/wp-json\/wp\/v2\/posts\/1005\/revisions\/1575"}],"wp:featuredmedia":[{"embeddable":true,"href":"https:\/\/www.monlau.com\/eso-batxillerat\/es\/wp-json\/wp\/v2\/media\/1006"}],"wp:attachment":[{"href":"https:\/\/www.monlau.com\/eso-batxillerat\/es\/wp-json\/wp\/v2\/media?parent=1005"}],"wp:term":[{"taxonomy":"category","embeddable":true,"href":"https:\/\/www.monlau.com\/eso-batxillerat\/es\/wp-json\/wp\/v2\/categories?post=1005"},{"taxonomy":"post_tag","embeddable":true,"href":"https:\/\/www.monlau.com\/eso-batxillerat\/es\/wp-json\/wp\/v2\/tags?post=1005"}],"curies":[{"name":"wp","href":"https:\/\/api.w.org\/{rel}","templated":true}]}}